{"id":1407,"date":"2024-04-28T10:15:27","date_gmt":"2024-04-28T08:15:27","guid":{"rendered":"https:\/\/www.casalavolta.com\/?p=1407"},"modified":"2024-04-28T10:15:27","modified_gmt":"2024-04-28T08:15:27","slug":"celebra-moments-a-la-casa-rural-la-volta","status":"publish","type":"post","link":"https:\/\/www.casalavolta.com\/es\/celebra-moments-a-la-casa-rural-la-volta\/","title":{"rendered":"Celebra momentos en la casa rural la Volta"},"content":{"rendered":"<p><\/p>\n<h6 data-sourcepos=\"9:1-9:421\">Celebra que la vida est\u00e1 llena de momentos: cumplea\u00f1os, aniversarios, graduaciones, reencuentros&#8230; Y para esas ocasiones especiales, nada mejor que encontrar un refugio acogedor donde compartir alegr\u00eda y crear recuerdos inolvidables. La Casa Rural La Volta de Ferreres, en el coraz\u00f3n del Bergued\u00e0 catal\u00e1n, se presenta como el escenario perfecto para grupos de 6-7 personas que buscan celebrar a lo grande.<\/h6>\n<p data-sourcepos=\"11:1-11:39\"><strong>Celebra en un espacio con encanto para grupos:<\/strong><\/p>\n<p data-sourcepos=\"13:1-13:332\">La Volta de Ferreres es m\u00e1s que una casa rural; es un espacio con alma, donde la tradici\u00f3n y la comodidad se unen para crear un ambiente c\u00e1lido y acogedor. La casa ofrece una sensaci\u00f3n de libertad y conexi\u00f3n con la naturaleza, ideal para desconectar del ritmo fren\u00e9tico de la vida cotidiana.<\/p>\n<h6 data-sourcepos=\"15:1-15:326\">La casa perfecta para 6 o 7 personas, dispone de dos habitaciones espaciosas con ba\u00f1os completos, cocina totalmente equipada y un sal\u00f3n comedor con chimenea, donde se podr\u00e1n compartir momentos inolvidables alrededor de una buena mesa.<\/h6>\n<p data-sourcepos=\"17:1-17:45\"><strong>Un sinf\u00edn de posibilidades para celebrar:<\/strong><\/p>\n<p data-sourcepos=\"19:1-19:375\">Las amplias instalaciones de La Volta de Ferreres y su entorno natural privilegiado ofrecen un sinf\u00edn de posibilidades para celebrar todo tipo de eventos. Disfrutar de una barbacoa bajo las estrellas, organizar un torneo de minigolf en familia, refrescarse en la piscina compartida o simplemente relajarse en la terraza.<\/p>\n<p data-sourcepos=\"21:1-21:44\"><strong>M\u00e1s que un alojamiento, una experiencia:<\/strong><\/p>\n<p data-sourcepos=\"23:1-23:322\">La estancia en La Volta de Ferreres va m\u00e1s all\u00e1 de un simple alojamiento. Las personas podr\u00e1n disfrutar de una experiencia \u00fanica en un entorno rural aut\u00e9ntico, donde podr\u00e1n conocer la cultura y las tradiciones locales, as\u00ed como participar en diversas actividades como senderismo, ciclismo o visitas a pueblos pintorescos.<\/p>\n<p data-sourcepos=\"25:1-25:44\"><strong>Celebra la vida en La Volta de Ferreres:<\/strong><\/p>\n<p data-sourcepos=\"27:1-27:361\">Si est\u00e1s buscando un lugar m\u00e1gico para celebrar una ocasi\u00f3n especial con tus seres queridos, la Casa Rural La Volta de Ferreres te abre sus puertas. Con su encanto rural, amplias comodidades y un entorno natural incomparable, La Volta de Ferreres te ofrece el escenario perfecto para crear momentos inolvidables que quedar\u00e1n grabados para siempre en tu memoria.<\/p>\n<p data-sourcepos=\"29:1-29:116\"><strong>Reserva tu estancia ahora y comienza a planificar tu pr\u00f3xima celebraci\u00f3n en La Volta de Ferreres. \u00a1Te esperamos!<\/strong><\/p>\n<p data-sourcepos=\"33:1-33:253\">\u00bfTe animas a celebrar tu pr\u00f3xima ocasi\u00f3n especial en La Volta de Ferreres? Visita nuestro sitio web o contacta con nosotros para m\u00e1s informaci\u00f3n y reservas. \u00a1No te pierdas la oportunidad de vivir una experiencia \u00fanica en un entorno natural incomparable!<\/p>\n<p data-sourcepos=\"35:1-35:26\"><strong>Informaci\u00f3n adicional:<\/strong><\/p>\n<ul data-sourcepos=\"37:1-40:0\">\n<li data-sourcepos=\"37:1-37:79\">Sitio web: <a class=\"traceable-link\" href=\"https:\/\/www.casalavolta.com\/es\/\" target=\"_blank\" rel=\"noopener noreferrer\">https:\/\/www.casalavolta.com\/es\/<\/a><\/li>\n<li data-sourcepos=\"38:1-38:28\">Tel\u00e9fono: +34 670713939<\/li>\n<li data-sourcepos=\"39:1-40:0\">Correo electr\u00f3nico: info@casalavolta.com<\/li>\n<\/ul>\n<p><\/p>","protected":false},"excerpt":{"rendered":"<p>\nCelebra que la vida est\u00e1 llena de momentos: cumplea\u00f1os, aniversarios, graduaciones, reencuentros&#8230; Y para esas ocasiones especiales, nada mejor que encontrar un refugio acogedor donde compartir alegr\u00eda y crear recuerdos inolvidables. La Casa Rural La Volta de Ferreres, en el coraz\u00f3n del Bergued\u00e0 catal\u00e1n, se presenta como el escenario perfecto para grupos de 6-7 personas que buscan celebrar a lo grande.<br \/>\nCelebra en un espacio con encanto para grupos:<br \/>\nLa Volta de Ferreres es m\u00e1s que una casa rural; &#8230;<\/p>\n","protected":false},"author":5,"featured_media":1408,"comment_status":"open","ping_status":"open","sticky":false,"template":"","format":"standard","meta":{"ngg_post_thumbnail":0},"categories":[1],"tags":[155,150,132,154,149,36,151,156,159,153,160,158,157,152],"yoast_head":"<!-- This site is optimized with the Yoast SEO plugin v15.7 - https:\/\/yoast.com\/wordpress\/plugins\/seo\/ -->\n<meta name=\"description\" content=\"\u00bfBuscas un lugar m\u00e1gico para celebrar una ocasi\u00f3n especial? Celebra en la Casa Rural La Volta, tiene el escenario perfecto para 6 o 7 personas.\" \/>\n<meta name=\"robots\" content=\"index, follow, max-snippet:-1, max-image-preview:large, max-video-preview:-1\" \/>\n<link rel=\"canonical\" href=\"https:\/\/www.casalavolta.com\/celebra-moments-a-la-casa-rural-la-volta\/\" \/>\n<meta property=\"og:locale\" content=\"es_ES\" \/>\n<meta property=\"og:type\" content=\"article\" \/>\n<meta property=\"og:title\" content=\"Celebra momentos en la casa rural la Volta - Casa Rural - Casa La Volta\" \/>\n<meta property=\"og:description\" content=\"{:es}\u00bfBuscas un lugar m\u00e1gico para celebrar una ocasi\u00f3n especial? Celebra en la Casa Rural La Volta, tiene el escenario perfecto para 6 o 7 personas.{:}\" \/>\n<meta property=\"og:url\" content=\"https:\/\/www.casalavolta.com\/celebra-moments-a-la-casa-rural-la-volta\/\" \/>\n<meta property=\"og:site_name\" content=\"Casa Rural - Casa La Volta\" \/>\n<meta property=\"article:published_time\" content=\"2024-04-28T08:15:27+00:00\" \/>\n<meta property=\"og:image\" content=\"https:\/\/www.casalavolta.com\/wp-content\/uploads\/Sala-estar-turisme-rural-Volta-Bergueda-scaled.jpg\" \/>\n\t<meta property=\"og:image:width\" content=\"2560\" \/>\n\t<meta property=\"og:image:height\" content=\"1440\" \/>\n<meta name=\"twitter:card\" content=\"summary\" \/>\n<meta name=\"twitter:label1\" content=\"Tiempo de lectura\">\n\t<meta name=\"twitter:data1\" content=\"2 minutos\">\n<script type=\"application\/ld+json\" class=\"yoast-schema-graph\">{\"@context\":\"https:\/\/schema.org\",\"@graph\":[{\"@type\":\"WebSite\",\"@id\":\"https:\/\/www.casalavolta.com\/en\/#website\",\"url\":\"https:\/\/www.casalavolta.com\/en\/\",\"name\":\"Casa Rural - Casa La Volta\",\"description\":\"Casa de Turisme Rural al Bergued\\u00e0\",\"potentialAction\":[{\"@type\":\"SearchAction\",\"target\":\"https:\/\/www.casalavolta.com\/en\/?s={search_term_string}\",\"query-input\":\"required name=search_term_string\"}],\"inLanguage\":\"es\"},{\"@type\":\"ImageObject\",\"@id\":\"https:\/\/www.casalavolta.com\/celebra-moments-a-la-casa-rural-la-volta\/#primaryimage\",\"inLanguage\":\"es\",\"url\":\"https:\/\/www.casalavolta.com\/wp-content\/uploads\/Sala-estar-turisme-rural-Volta-Bergueda-scaled.jpg\",\"width\":2560,\"height\":1440,\"caption\":\"celebra-casa rural-bergued\\u00e0\"},{\"@type\":\"WebPage\",\"@id\":\"https:\/\/www.casalavolta.com\/celebra-moments-a-la-casa-rural-la-volta\/#webpage\",\"url\":\"https:\/\/www.casalavolta.com\/celebra-moments-a-la-casa-rural-la-volta\/\",\"name\":\"Celebra momentos en la casa rural la Volta - Casa Rural - Casa La Volta\",\"isPartOf\":{\"@id\":\"https:\/\/www.casalavolta.com\/en\/#website\"},\"primaryImageOfPage\":{\"@id\":\"https:\/\/www.casalavolta.com\/celebra-moments-a-la-casa-rural-la-volta\/#primaryimage\"},\"datePublished\":\"2024-04-28T08:15:27+00:00\",\"dateModified\":\"2024-04-28T08:15:27+00:00\",\"author\":{\"@id\":\"https:\/\/www.casalavolta.com\/en\/#\/schema\/person\/8868a7e559e66ec6b6ed2bb743a1d757\"},\"description\":\"{:es}\\u00bfBuscas un lugar m\\u00e1gico para celebrar una ocasi\\u00f3n especial? Celebra en la Casa Rural La Volta, tiene el escenario perfecto para 6 o 7 personas.{:}\",\"inLanguage\":\"es\",\"potentialAction\":[{\"@type\":\"ReadAction\",\"target\":[\"https:\/\/www.casalavolta.com\/celebra-moments-a-la-casa-rural-la-volta\/\"]}]},{\"@type\":\"Person\",\"@id\":\"https:\/\/www.casalavolta.com\/en\/#\/schema\/person\/8868a7e559e66ec6b6ed2bb743a1d757\",\"name\":\"M\\u00aa \\u00c0ngels\",\"image\":{\"@type\":\"ImageObject\",\"@id\":\"https:\/\/www.casalavolta.com\/en\/#personlogo\",\"inLanguage\":\"es\",\"url\":\"https:\/\/secure.gravatar.com\/avatar\/4cdf057cf6dd14a57d9a4bf064d65cc2?s=96&d=mm&r=g\",\"caption\":\"M\\u00aa \\u00c0ngels\"},\"sameAs\":[\"http:\/\/www.casalavolta.com\"]}]}<\/script>\n<!-- \/ Yoast SEO plugin. -->","_links":{"self":[{"href":"https:\/\/www.casalavolta.com\/es\/wp-json\/wp\/v2\/posts\/1407"}],"collection":[{"href":"https:\/\/www.casalavolta.com\/es\/wp-json\/wp\/v2\/posts"}],"about":[{"href":"https:\/\/www.casalavolta.com\/es\/wp-json\/wp\/v2\/types\/post"}],"author":[{"embeddable":true,"href":"https:\/\/www.casalavolta.com\/es\/wp-json\/wp\/v2\/users\/5"}],"replies":[{"embeddable":true,"href":"https:\/\/www.casalavolta.com\/es\/wp-json\/wp\/v2\/comments?post=1407"}],"version-history":[{"count":3,"href":"https:\/\/www.casalavolta.com\/es\/wp-json\/wp\/v2\/posts\/1407\/revisions"}],"predecessor-version":[{"id":1411,"href":"https:\/\/www.casalavolta.com\/es\/wp-json\/wp\/v2\/posts\/1407\/revisions\/1411"}],"wp:featuredmedia":[{"embeddable":true,"href":"https:\/\/www.casalavolta.com\/es\/wp-json\/wp\/v2\/media\/1408"}],"wp:attachment":[{"href":"https:\/\/www.casalavolta.com\/es\/wp-json\/wp\/v2\/media?parent=1407"}],"wp:term":[{"taxonomy":"category","embeddable":true,"href":"https:\/\/www.casalavolta.com\/es\/wp-json\/wp\/v2\/categories?post=1407"},{"taxonomy":"post_tag","embeddable":true,"href":"https:\/\/www.casalavolta.com\/es\/wp-json\/wp\/v2\/tags?post=1407"}],"curies":[{"name":"wp","href":"https:\/\/api.w.org\/{rel}","templated":true}]}}